{"id":197,"date":"2018-10-22T11:36:59","date_gmt":"2018-10-22T11:36:59","guid":{"rendered":"https:\/\/www.tempoeduca.cl\/?p=197"},"modified":"2018-10-22T11:36:59","modified_gmt":"2018-10-22T11:36:59","slug":"piramide-de-aprendizaje-de-edgar-dale","status":"publish","type":"post","link":"https:\/\/www.tempoeduca.cl\/index.php\/2018\/10\/22\/piramide-de-aprendizaje-de-edgar-dale\/","title":{"rendered":"Pir\u00e1mide de Aprendizaje de Edgar Dale"},"content":{"rendered":"<p><strong><em>El mejoramiento, actualizaci\u00f3n del espacio educativo y el uso de material concreto espec\u00edfico promueve un alto valor educativo con un 75% de logro en la adquisici\u00f3n de los contenidos.<\/em><\/strong><\/p>\n","protected":false},"excerpt":{"rendered":"<p>El mejoramiento, actualizaci\u00f3n del espacio educativo y el uso de material concreto espec\u00edfico promueve un alto valor educativo con un 75% de logro en la adquisici\u00f3n de los contenidos.<\/p>\n","protected":false},"author":1,"featured_media":198,"comment_status":"open","ping_status":"open","sticky":false,"template":"","format":"standard","meta":{"_monsterinsights_skip_tracking":false,"_monsterinsights_sitenote_active":false,"_monsterinsights_sitenote_note":"","_monsterinsights_sitenote_category":0},"categories":[11],"tags":[14,13,12],"jetpack_featured_media_url":"https:\/\/www.tempoeduca.cl\/wp-content\/uploads\/2018\/10\/Pir\u00e1mide-ED.png","_links":{"self":[{"href":"https:\/\/www.tempoeduca.cl\/index.php\/wp-json\/wp\/v2\/posts\/197"}],"collection":[{"href":"https:\/\/www.tempoeduca.cl\/index.php\/wp-json\/wp\/v2\/posts"}],"about":[{"href":"https:\/\/www.tempoeduca.cl\/index.php\/wp-json\/wp\/v2\/types\/post"}],"author":[{"embeddable":true,"href":"https:\/\/www.tempoeduca.cl\/index.php\/wp-json\/wp\/v2\/users\/1"}],"replies":[{"embeddable":true,"href":"https:\/\/www.tempoeduca.cl\/index.php\/wp-json\/wp\/v2\/comments?post=197"}],"version-history":[{"count":1,"href":"https:\/\/www.tempoeduca.cl\/index.php\/wp-json\/wp\/v2\/posts\/197\/revisions"}],"predecessor-version":[{"id":199,"href":"https:\/\/www.tempoeduca.cl\/index.php\/wp-json\/wp\/v2\/posts\/197\/revisions\/199"}],"wp:featuredmedia":[{"embeddable":true,"href":"https:\/\/www.tempoeduca.cl\/index.php\/wp-json\/wp\/v2\/media\/198"}],"wp:attachment":[{"href":"https:\/\/www.tempoeduca.cl\/index.php\/wp-json\/wp\/v2\/media?parent=197"}],"wp:term":[{"taxonomy":"category","embeddable":true,"href":"https:\/\/www.tempoeduca.cl\/index.php\/wp-json\/wp\/v2\/categories?post=197"},{"taxonomy":"post_tag","embeddable":true,"href":"https:\/\/www.tempoeduca.cl\/index.php\/wp-json\/wp\/v2\/tags?post=197"}],"curies":[{"name":"wp","href":"https:\/\/api.w.org\/{rel}","templated":true}]}}